[{"@context":"https:\/\/schema.org\/","@type":"Article","@id":"https:\/\/www.budit.cz\/zatracena-technika\/#Article","mainEntityOfPage":"https:\/\/www.budit.cz\/zatracena-technika\/","headline":"Zatracen\u00e1 technika","name":"Zatracen\u00e1 technika","description":"Rozhodn\u011b nejsem odp\u016frce techniky. Ani ten, kdo pasivn\u011b vzdoruje jej\u00edmu pou\u017e\u00edv\u00e1n\u00ed, ani ten, kdo se j\u00ed aktivn\u011b br\u00e1n\u00ed, dejme tomu jako d\u011bln\u00edci v\u00a0dob\u00e1ch zav\u00e1d\u011bn\u00ed stroj\u016f do v\u00fdroby, ob\u00e1vaj\u00edc\u00ed se, \u017ee jim takov\u00fd pokrok vezme jejich pr\u00e1ci a existenci. Prost\u011b v\u00edm, \u017ee mi nab\u00edz\u00ed na\u0161e spole\u010dnost r\u016fzn\u00e9 technick\u00e9 vymo\u017eenosti, a pokud <a href=\"https:\/\/www.budit.cz\/zatracena-technika\/\" class=\"btn btn-link continue-link\">Continue Reading<\/a>","datePublished":"2024-01-29","dateModified":"2024-01-29","author":{"@type":"Person","@id":"https:\/\/www.budit.cz\/author\/#Person","name":"","url":"https:\/\/www.budit.cz\/author\/","identifier":1,"image":{"@type":"ImageObject","@id":"https:\/\/secure.gravatar.com\/avatar\/b653a05acc9928bc50547a0b6ed51698115bbf59840455a4bc9d337f928ec9d6?s=96&d=mm&r=g","url":"https:\/\/secure.gravatar.com\/avatar\/b653a05acc9928bc50547a0b6ed51698115bbf59840455a4bc9d337f928ec9d6?s=96&d=mm&r=g","height":96,"width":96}},"publisher":{"@type":"Organization","name":"budit.cz","logo":{"@type":"ImageObject","@id":"\/logo.png","url":"\/logo.png","width":600,"height":60}},"image":{"@type":"ImageObject","@id":"https:\/\/www.budit.cz\/wp-content\/uploads\/%C5%BE%C5%BE_10_6.jpg","url":"https:\/\/www.budit.cz\/wp-content\/uploads\/%C5%BE%C5%BE_10_6.jpg","height":0,"width":0},"url":"https:\/\/www.budit.cz\/zatracena-technika\/","about":["Technika"],"wordCount":452,"articleBody":"Rozhodn\u011b nejsem odp\u016frce techniky. Ani ten, kdo pasivn\u011b vzdoruje jej\u00edmu pou\u017e\u00edv\u00e1n\u00ed, ani ten, kdo se j\u00ed aktivn\u011b br\u00e1n\u00ed, dejme tomu jako d\u011bln\u00edci v\u00a0dob\u00e1ch zav\u00e1d\u011bn\u00ed stroj\u016f do v\u00fdroby, ob\u00e1vaj\u00edc\u00ed se, \u017ee jim takov\u00fd pokrok vezme jejich pr\u00e1ci a existenci.Prost\u011b v\u00edm, \u017ee mi nab\u00edz\u00ed na\u0161e spole\u010dnost r\u016fzn\u00e9 technick\u00e9 vymo\u017eenosti, a pokud jsou mi v\u00a0n\u011b\u010dem p\u0159\u00ednosn\u00e9, nebr\u00e1n\u00edm se jim, ale vyu\u017e\u00edv\u00e1m je. A pokud mi p\u0159ipadaj\u00ed k\u00a0ni\u010demu nebo m\u011b dokonce obt\u011b\u017euj\u00ed, sna\u017e\u00edm se je ignorovat. A vcelku se mi da\u0159\u00ed to zvl\u00e1dat. I kdy\u017e je p\u0159ece jenom nejedna situace, kdy bych tu techniku nejrad\u011bji roz\u0161lapal, zadupal do zem\u011b, rozt\u0159\u00edskal, prost\u011b u\u010dinil ji nefunguj\u00edc\u00ed. To plat\u00ed t\u0159eba v\u00a0p\u0159\u00edpad\u011b r\u016fzn\u00fdch technick\u00fdch vymo\u017eenost\u00ed vyu\u017e\u00edvan\u00fdch ve zdravotnictv\u00ed. Ne v\u0161ech, proto\u017ee jsou tu i p\u0159\u00edstroje a n\u00e1stroje, kter\u00e9 n\u00e1m lidem usnad\u0148uj\u00ed a t\u0159eba i p\u0159\u00edmo umo\u017e\u0148uj\u00ed \u017eivot, ale t\u011bch, kter\u00e9 mi nejsou ani trochu p\u0159\u00edjemn\u00e9. A kter\u00e9 to jsou?Vezm\u011bte si rentgen. Jist\u011b, tento m\u016f\u017ee p\u0159ij\u00edt mnoha lidem v\u00a0mnoha situac\u00edch skute\u010dn\u011b vhod. Ale mn\u011b nep\u0159i\u0161el vhod je\u0161t\u011b nikdy. M\u011b jeho vyu\u017eit\u00ed sp\u00ed\u0161e otravovalo. Kdy\u017e mi m\u011bli kv\u016fli ka\u0161li zrentgenovat pl\u00edce a dokto\u0159i se do m\u011b koukli natolik d\u016fkladn\u011b, \u017ee jsem skon\u010dil preventivn\u011b je\u0161t\u011b na kardiologii a infek\u010dn\u00edm, kde jinou technikou zjistili, \u017ee nic nezjistili. Nebo kdy\u017e vyu\u017eili rentgen tak, \u017ee mi zjistili z\u00e1n\u011bt v\u00a0dutin\u00e1ch hlavy, ale kdy\u017e jsem se jich po\u0165ouchle ptal, nedok\u00e1zali mi \u0159\u00edct, jestli tam m\u00e1m i n\u011bjak\u00fd mozek.Nebo stetoskop. Kolikr\u00e1t jsem zatnul zuby a pro\u0161lo by mi ledacos. Ale on hned \u017ealoval, \u017ee mi n\u011bco p\u00edsk\u00e1 v\u00a0plic\u00edch, a hned jsem si vyslechl p\u0159edn\u00e1\u0161ku o tom, \u017ee kou\u0159it se nem\u00e1. Nebo kdy\u017e EEG zjistilo, \u017ee to m\u00e1m v\u00a0hlav\u011b v\u00a0po\u0159\u00e1dku, tak\u017ee jsem se nemohl d\u00e1le vymlouvat na to, \u017ee d\u011bl\u00e1m nesmysly, proto\u017ee to nem\u00e1m v\u00a0hlav\u011b v\u00a0po\u0159\u00e1dku.A co\u017e teprve ultrazvuk, kter\u00fd jim fungoval tak mizern\u011b, \u017ee jsem se dozv\u011bd\u011bl, \u017ee budu otcem, ale nebylo z\u0159ejm\u00e9, jestli to sledovan\u00e9 m\u00e1 nebo nem\u00e1 pind\u00edka.\u00a0Prost\u011b bych techniku ve zdravotnictv\u00ed n\u011bkdy zak\u00e1zal. Aby na m\u011b ne\u017ealovala to, co chci utajit. A na co tato v\u017edycky p\u0159ijde.                                                                                                                                                                                                                                                                                                                                                                                        4\/5 - (9 votes)        "},{"@context":"https:\/\/schema.org\/","@type":"BreadcrumbList","itemListElement":[{"@type":"ListItem","position":1,"name":"Zatracen\u00e1 technika","item":"https:\/\/www.budit.cz\/zatracena-technika\/#breadcrumbitem"}]}]