[{"@context":"https:\/\/schema.org\/","@type":"Blog","@id":"https:\/\/www.budit.cz#Blog","headline":"Budit","description":"\nKa\u017ed\u00fd web v\u00e1m m\u016f\u017ee n\u011bco nab\u00eddnout. Ale ne ka\u017ed\u00fd nab\u00edz\u00ed to, co m\u016f\u017eete objevit u n\u00e1s. A co u n\u00e1s objev\u00edte? P\u0159edev\u0161\u00edm pomoc s\u00a0\u0159e\u0161en\u00edm va\u0161ich probl\u00e9m\u016f.","url":"https:\/\/www.budit.cz","hasPart":[{"@type":"Article","@id":"https:\/\/www.budit.cz\/stehovani-do-ciziny-laka-mnoho-lidi\/","headline":"St\u011bhov\u00e1n\u00ed do ciziny l\u00e1k\u00e1 mnoho lid\u00ed","url":"https:\/\/www.budit.cz\/stehovani-do-ciziny-laka-mnoho-lidi\/","datePublished":"2025-02-14","dateModified":"2025-02-14","mainEntityOfPage":"https:\/\/www.budit.cz\/stehovani-do-ciziny-laka-mnoho-lidi\/","author":{"@type":"Person","@id":"https:\/\/www.budit.cz\/author\/#Person","name":"","url":"https:\/\/www.budit.cz\/author\/","identifier":1,"image":{"@type":"ImageObject","@id":"https:\/\/secure.gravatar.com\/avatar\/b653a05acc9928bc50547a0b6ed51698115bbf59840455a4bc9d337f928ec9d6?s=96&d=mm&r=g","url":"https:\/\/secure.gravatar.com\/avatar\/b653a05acc9928bc50547a0b6ed51698115bbf59840455a4bc9d337f928ec9d6?s=96&d=mm&r=g","height":96,"width":96}},"publisher":{"@type":"Organization","name":"budit.cz","logo":{"@type":"ImageObject","@id":"\/logo.png","url":"\/logo.png","width":600,"height":60}},"image":{"@type":"ImageObject","@id":"https:\/\/www.budit.cz\/wp-content\/uploads\/transport-6808184_640_10_1.png","url":"https:\/\/www.budit.cz\/wp-content\/uploads\/transport-6808184_640_10_1.png","height":0,"width":0},"wordCount":652,"keywords":null},{"@type":"Article","@id":"https:\/\/www.budit.cz\/my-vam-jidla-pripravime\/","headline":"My v\u00e1m j\u00eddla p\u0159iprav\u00edme","url":"https:\/\/www.budit.cz\/my-vam-jidla-pripravime\/","datePublished":"2025-02-10","dateModified":"2025-02-10","mainEntityOfPage":"https:\/\/www.budit.cz\/my-vam-jidla-pripravime\/","author":{"@type":"Person","@id":"https:\/\/www.budit.cz\/author\/#Person","name":"","url":"https:\/\/www.budit.cz\/author\/","identifier":1,"image":{"@type":"ImageObject","@id":"https:\/\/secure.gravatar.com\/avatar\/b653a05acc9928bc50547a0b6ed51698115bbf59840455a4bc9d337f928ec9d6?s=96&d=mm&r=g","url":"https:\/\/secure.gravatar.com\/avatar\/b653a05acc9928bc50547a0b6ed51698115bbf59840455a4bc9d337f928ec9d6?s=96&d=mm&r=g","height":96,"width":96}},"publisher":{"@type":"Organization","name":"budit.cz","logo":{"@type":"ImageObject","@id":"\/logo.png","url":"\/logo.png","width":600,"height":60}},"image":null,"wordCount":216,"keywords":null},{"@type":"Article","@id":"https:\/\/www.budit.cz\/energeticky-prukaz-ktery-urcuje-cenu-vasi-nemovitosti\/","headline":"Energetick\u00fd pr\u016fkaz, kter\u00fd ur\u010duje cenu va\u0161\u00ed nemovitosti","url":"https:\/\/www.budit.cz\/energeticky-prukaz-ktery-urcuje-cenu-vasi-nemovitosti\/","datePublished":"2025-02-06","dateModified":"2025-02-06","mainEntityOfPage":"https:\/\/www.budit.cz\/energeticky-prukaz-ktery-urcuje-cenu-vasi-nemovitosti\/","author":{"@type":"Person","@id":"https:\/\/www.budit.cz\/author\/#Person","name":"","url":"https:\/\/www.budit.cz\/author\/","identifier":1,"image":{"@type":"ImageObject","@id":"https:\/\/secure.gravatar.com\/avatar\/b653a05acc9928bc50547a0b6ed51698115bbf59840455a4bc9d337f928ec9d6?s=96&d=mm&r=g","url":"https:\/\/secure.gravatar.com\/avatar\/b653a05acc9928bc50547a0b6ed51698115bbf59840455a4bc9d337f928ec9d6?s=96&d=mm&r=g","height":96,"width":96}},"publisher":{"@type":"Organization","name":"budit.cz","logo":{"@type":"ImageObject","@id":"\/logo.png","url":"\/logo.png","width":600,"height":60}},"image":null,"wordCount":196,"keywords":null},{"@type":"Article","@id":"https:\/\/www.budit.cz\/daji-se-rozdelit-horizontalnim-i-vertikalnim-predelem\/","headline":"Daj\u00ed se rozd\u011blit horizont\u00e1ln\u00edm i vertik\u00e1ln\u00edm p\u0159ed\u011blem","url":"https:\/\/www.budit.cz\/daji-se-rozdelit-horizontalnim-i-vertikalnim-predelem\/","datePublished":"2025-01-28","dateModified":"2025-01-28","mainEntityOfPage":"https:\/\/www.budit.cz\/daji-se-rozdelit-horizontalnim-i-vertikalnim-predelem\/","author":{"@type":"Person","@id":"https:\/\/www.budit.cz\/author\/#Person","name":"","url":"https:\/\/www.budit.cz\/author\/","identifier":1,"image":{"@type":"ImageObject","@id":"https:\/\/secure.gravatar.com\/avatar\/b653a05acc9928bc50547a0b6ed51698115bbf59840455a4bc9d337f928ec9d6?s=96&d=mm&r=g","url":"https:\/\/secure.gravatar.com\/avatar\/b653a05acc9928bc50547a0b6ed51698115bbf59840455a4bc9d337f928ec9d6?s=96&d=mm&r=g","height":96,"width":96}},"publisher":{"@type":"Organization","name":"budit.cz","logo":{"@type":"ImageObject","@id":"\/logo.png","url":"\/logo.png","width":600,"height":60}},"image":null,"wordCount":230,"keywords":null},{"@type":"Article","@id":"https:\/\/www.budit.cz\/at-uz-do-kancelari-na-ruzne-prednasky-a-prezentace\/","headline":"A\u0165 u\u017e do kancel\u00e1\u0159\u00ed, na r\u016fzn\u00e9 p\u0159edn\u00e1\u0161ky a prezentace","url":"https:\/\/www.budit.cz\/at-uz-do-kancelari-na-ruzne-prednasky-a-prezentace\/","datePublished":"2025-01-22","dateModified":"2025-01-22","mainEntityOfPage":"https:\/\/www.budit.cz\/at-uz-do-kancelari-na-ruzne-prednasky-a-prezentace\/","author":{"@type":"Person","@id":"https:\/\/www.budit.cz\/author\/#Person","name":"","url":"https:\/\/www.budit.cz\/author\/","identifier":1,"image":{"@type":"ImageObject","@id":"https:\/\/secure.gravatar.com\/avatar\/b653a05acc9928bc50547a0b6ed51698115bbf59840455a4bc9d337f928ec9d6?s=96&d=mm&r=g","url":"https:\/\/secure.gravatar.com\/avatar\/b653a05acc9928bc50547a0b6ed51698115bbf59840455a4bc9d337f928ec9d6?s=96&d=mm&r=g","height":96,"width":96}},"publisher":{"@type":"Organization","name":"budit.cz","logo":{"@type":"ImageObject","@id":"\/logo.png","url":"\/logo.png","width":600,"height":60}},"image":null,"wordCount":263,"keywords":null},{"@type":"Article","@id":"https:\/\/www.budit.cz\/registrace-do-katalogu\/","headline":"Registrace do katalog\u016f","url":"https:\/\/www.budit.cz\/registrace-do-katalogu\/","datePublished":"2025-01-18","dateModified":"2025-01-18","mainEntityOfPage":"https:\/\/www.budit.cz\/registrace-do-katalogu\/","author":{"@type":"Person","@id":"https:\/\/www.budit.cz\/author\/#Person","name":"","url":"https:\/\/www.budit.cz\/author\/","identifier":1,"image":{"@type":"ImageObject","@id":"https:\/\/secure.gravatar.com\/avatar\/b653a05acc9928bc50547a0b6ed51698115bbf59840455a4bc9d337f928ec9d6?s=96&d=mm&r=g","url":"https:\/\/secure.gravatar.com\/avatar\/b653a05acc9928bc50547a0b6ed51698115bbf59840455a4bc9d337f928ec9d6?s=96&d=mm&r=g","height":96,"width":96}},"publisher":{"@type":"Organization","name":"budit.cz","logo":{"@type":"ImageObject","@id":"\/logo.png","url":"\/logo.png","width":600,"height":60}},"image":null,"wordCount":219,"keywords":null},{"@type":"Article","@id":"https:\/\/www.budit.cz\/penezenka\/","headline":"Pen\u011b\u017eenka","url":"https:\/\/www.budit.cz\/penezenka\/","datePublished":"2025-01-10","dateModified":"2025-01-10","mainEntityOfPage":"https:\/\/www.budit.cz\/penezenka\/","author":{"@type":"Person","@id":"https:\/\/www.budit.cz\/author\/#Person","name":"","url":"https:\/\/www.budit.cz\/author\/","identifier":1,"image":{"@type":"ImageObject","@id":"https:\/\/secure.gravatar.com\/avatar\/b653a05acc9928bc50547a0b6ed51698115bbf59840455a4bc9d337f928ec9d6?s=96&d=mm&r=g","url":"https:\/\/secure.gravatar.com\/avatar\/b653a05acc9928bc50547a0b6ed51698115bbf59840455a4bc9d337f928ec9d6?s=96&d=mm&r=g","height":96,"width":96}},"publisher":{"@type":"Organization","name":"budit.cz","logo":{"@type":"ImageObject","@id":"\/logo.png","url":"\/logo.png","width":600,"height":60}},"image":null,"wordCount":282,"keywords":null},{"@type":"Article","@id":"https:\/\/www.budit.cz\/doma-nakupujem-najradsej\/","headline":"Doma nakupujem najrad\u0161ej","url":"https:\/\/www.budit.cz\/doma-nakupujem-najradsej\/","datePublished":"2025-01-03","dateModified":"2025-01-03","mainEntityOfPage":"https:\/\/www.budit.cz\/doma-nakupujem-najradsej\/","author":{"@type":"Person","@id":"https:\/\/www.budit.cz\/author\/#Person","name":"","url":"https:\/\/www.budit.cz\/author\/","identifier":1,"image":{"@type":"ImageObject","@id":"https:\/\/secure.gravatar.com\/avatar\/b653a05acc9928bc50547a0b6ed51698115bbf59840455a4bc9d337f928ec9d6?s=96&d=mm&r=g","url":"https:\/\/secure.gravatar.com\/avatar\/b653a05acc9928bc50547a0b6ed51698115bbf59840455a4bc9d337f928ec9d6?s=96&d=mm&r=g","height":96,"width":96}},"publisher":{"@type":"Organization","name":"budit.cz","logo":{"@type":"ImageObject","@id":"\/logo.png","url":"\/logo.png","width":600,"height":60}},"image":null,"wordCount":247,"keywords":null},{"@type":"Article","@id":"https:\/\/www.budit.cz\/denni-svetlo-je-zaklad\/","headline":"Denn\u00ed sv\u011btlo je z\u00e1klad","url":"https:\/\/www.budit.cz\/denni-svetlo-je-zaklad\/","datePublished":"2024-12-28","dateModified":"2024-12-28","mainEntityOfPage":"https:\/\/www.budit.cz\/denni-svetlo-je-zaklad\/","author":{"@type":"Person","@id":"https:\/\/www.budit.cz\/author\/#Person","name":"","url":"https:\/\/www.budit.cz\/author\/","identifier":1,"image":{"@type":"ImageObject","@id":"https:\/\/secure.gravatar.com\/avatar\/b653a05acc9928bc50547a0b6ed51698115bbf59840455a4bc9d337f928ec9d6?s=96&d=mm&r=g","url":"https:\/\/secure.gravatar.com\/avatar\/b653a05acc9928bc50547a0b6ed51698115bbf59840455a4bc9d337f928ec9d6?s=96&d=mm&r=g","height":96,"width":96}},"publisher":{"@type":"Organization","name":"budit.cz","logo":{"@type":"ImageObject","@id":"\/logo.png","url":"\/logo.png","width":600,"height":60}},"image":null,"wordCount":233,"keywords":null},{"@type":"Article","@id":"https:\/\/www.budit.cz\/chorvatsko-dovolena\/","headline":"Chorvatsko dovolen\u00e1","url":"https:\/\/www.budit.cz\/chorvatsko-dovolena\/","datePublished":"2024-12-19","dateModified":"2024-12-19","mainEntityOfPage":"https:\/\/www.budit.cz\/chorvatsko-dovolena\/","author":{"@type":"Person","@id":"https:\/\/www.budit.cz\/author\/#Person","name":"","url":"https:\/\/www.budit.cz\/author\/","identifier":1,"image":{"@type":"ImageObject","@id":"https:\/\/secure.gravatar.com\/avatar\/b653a05acc9928bc50547a0b6ed51698115bbf59840455a4bc9d337f928ec9d6?s=96&d=mm&r=g","url":"https:\/\/secure.gravatar.com\/avatar\/b653a05acc9928bc50547a0b6ed51698115bbf59840455a4bc9d337f928ec9d6?s=96&d=mm&r=g","height":96,"width":96}},"publisher":{"@type":"Organization","name":"budit.cz","logo":{"@type":"ImageObject","@id":"\/logo.png","url":"\/logo.png","width":600,"height":60}},"image":null,"wordCount":266,"keywords":null}]},{"@context":"https:\/\/schema.org","@type":"WebSite","@id":"https:\/\/www.budit.cz\/#website","name":"Budit","url":"https:\/\/www.budit.cz","potentialAction":{"@type":"SearchAction","target":"https:\/\/www.budit.cz\/?s={search_term_string}","query-input":"required name=search_term_string"}}]