[{"@context":"https:\/\/schema.org\/","@type":"Blog","@id":"https:\/\/www.budit.cz#Blog","headline":"Budit","description":"\nKa\u017ed\u00fd web v\u00e1m m\u016f\u017ee n\u011bco nab\u00eddnout. Ale ne ka\u017ed\u00fd nab\u00edz\u00ed to, co m\u016f\u017eete objevit u n\u00e1s. A co u n\u00e1s objev\u00edte? P\u0159edev\u0161\u00edm pomoc s\u00a0\u0159e\u0161en\u00edm va\u0161ich probl\u00e9m\u016f.","url":"https:\/\/www.budit.cz","hasPart":[{"@type":"Article","@id":"https:\/\/www.budit.cz\/pro-dokonalou-zmenu\/","headline":"Pro dokonalou zm\u011bnu","url":"https:\/\/www.budit.cz\/pro-dokonalou-zmenu\/","datePublished":"2025-03-18","dateModified":"2025-03-18","mainEntityOfPage":"https:\/\/www.budit.cz\/pro-dokonalou-zmenu\/","author":{"@type":"Person","@id":"https:\/\/www.budit.cz\/author\/#Person","name":"","url":"https:\/\/www.budit.cz\/author\/","identifier":1,"image":{"@type":"ImageObject","@id":"https:\/\/secure.gravatar.com\/avatar\/b653a05acc9928bc50547a0b6ed51698115bbf59840455a4bc9d337f928ec9d6?s=96&d=mm&r=g","url":"https:\/\/secure.gravatar.com\/avatar\/b653a05acc9928bc50547a0b6ed51698115bbf59840455a4bc9d337f928ec9d6?s=96&d=mm&r=g","height":96,"width":96}},"publisher":{"@type":"Organization","name":"budit.cz","logo":{"@type":"ImageObject","@id":"\/logo.png","url":"\/logo.png","width":600,"height":60}},"image":null,"wordCount":212,"keywords":null},{"@type":"Article","@id":"https:\/\/www.budit.cz\/jak-se-zviditelnit-na-youtube\/","headline":"Jak se zviditelnit na YouTube?","url":"https:\/\/www.budit.cz\/jak-se-zviditelnit-na-youtube\/","datePublished":"2025-03-12","dateModified":"2025-03-12","mainEntityOfPage":"https:\/\/www.budit.cz\/jak-se-zviditelnit-na-youtube\/","author":{"@type":"Person","@id":"https:\/\/www.budit.cz\/author\/#Person","name":"","url":"https:\/\/www.budit.cz\/author\/","identifier":1,"image":{"@type":"ImageObject","@id":"https:\/\/secure.gravatar.com\/avatar\/b653a05acc9928bc50547a0b6ed51698115bbf59840455a4bc9d337f928ec9d6?s=96&d=mm&r=g","url":"https:\/\/secure.gravatar.com\/avatar\/b653a05acc9928bc50547a0b6ed51698115bbf59840455a4bc9d337f928ec9d6?s=96&d=mm&r=g","height":96,"width":96}},"publisher":{"@type":"Organization","name":"budit.cz","logo":{"@type":"ImageObject","@id":"\/logo.png","url":"\/logo.png","width":600,"height":60}},"image":{"@type":"ImageObject","@id":"https:\/\/www.budit.cz\/wp-content\/uploads\/img_a309221_w2329_t1520196308.jpg","url":"https:\/\/www.budit.cz\/wp-content\/uploads\/img_a309221_w2329_t1520196308.jpg","height":0,"width":0},"wordCount":474,"keywords":null},{"@type":"Article","@id":"https:\/\/www.budit.cz\/vedeni-ucetnictvi\/","headline":"Veden\u00ed \u00fa\u010detnictv\u00ed","url":"https:\/\/www.budit.cz\/vedeni-ucetnictvi\/","datePublished":"2025-03-11","dateModified":"2025-03-11","mainEntityOfPage":"https:\/\/www.budit.cz\/vedeni-ucetnictvi\/","author":{"@type":"Person","@id":"https:\/\/www.budit.cz\/author\/#Person","name":"","url":"https:\/\/www.budit.cz\/author\/","identifier":1,"image":{"@type":"ImageObject","@id":"https:\/\/secure.gravatar.com\/avatar\/b653a05acc9928bc50547a0b6ed51698115bbf59840455a4bc9d337f928ec9d6?s=96&d=mm&r=g","url":"https:\/\/secure.gravatar.com\/avatar\/b653a05acc9928bc50547a0b6ed51698115bbf59840455a4bc9d337f928ec9d6?s=96&d=mm&r=g","height":96,"width":96}},"publisher":{"@type":"Organization","name":"budit.cz","logo":{"@type":"ImageObject","@id":"\/logo.png","url":"\/logo.png","width":600,"height":60}},"image":null,"wordCount":224,"keywords":null},{"@type":"Article","@id":"https:\/\/www.budit.cz\/myslete-na-vse-nevyhnutne-dopredu\/","headline":"Myslete na v\u0161e nevyhnutn\u00e9 dop\u0159edu","url":"https:\/\/www.budit.cz\/myslete-na-vse-nevyhnutne-dopredu\/","datePublished":"2025-03-02","dateModified":"2025-03-02","mainEntityOfPage":"https:\/\/www.budit.cz\/myslete-na-vse-nevyhnutne-dopredu\/","author":{"@type":"Person","@id":"https:\/\/www.budit.cz\/author\/#Person","name":"","url":"https:\/\/www.budit.cz\/author\/","identifier":1,"image":{"@type":"ImageObject","@id":"https:\/\/secure.gravatar.com\/avatar\/b653a05acc9928bc50547a0b6ed51698115bbf59840455a4bc9d337f928ec9d6?s=96&d=mm&r=g","url":"https:\/\/secure.gravatar.com\/avatar\/b653a05acc9928bc50547a0b6ed51698115bbf59840455a4bc9d337f928ec9d6?s=96&d=mm&r=g","height":96,"width":96}},"publisher":{"@type":"Organization","name":"budit.cz","logo":{"@type":"ImageObject","@id":"\/logo.png","url":"\/logo.png","width":600,"height":60}},"image":{"@type":"ImageObject","@id":"https:\/\/www.budit.cz\/wp-content\/uploads\/img_a308463_w2094_t1519550906.jpg","url":"https:\/\/www.budit.cz\/wp-content\/uploads\/img_a308463_w2094_t1519550906.jpg","height":0,"width":0},"wordCount":590,"keywords":null},{"@type":"Article","@id":"https:\/\/www.budit.cz\/automobily-s-hybridnim-pohonem-aneb-proc-auto-hybrid\/","headline":"Automobily s hybridn\u00edm pohonem aneb pro\u010d auto hybrid?","url":"https:\/\/www.budit.cz\/automobily-s-hybridnim-pohonem-aneb-proc-auto-hybrid\/","datePublished":"2025-03-01","dateModified":"2025-03-01","mainEntityOfPage":"https:\/\/www.budit.cz\/automobily-s-hybridnim-pohonem-aneb-proc-auto-hybrid\/","author":{"@type":"Person","@id":"https:\/\/www.budit.cz\/author\/#Person","name":"","url":"https:\/\/www.budit.cz\/author\/","identifier":1,"image":{"@type":"ImageObject","@id":"https:\/\/secure.gravatar.com\/avatar\/b653a05acc9928bc50547a0b6ed51698115bbf59840455a4bc9d337f928ec9d6?s=96&d=mm&r=g","url":"https:\/\/secure.gravatar.com\/avatar\/b653a05acc9928bc50547a0b6ed51698115bbf59840455a4bc9d337f928ec9d6?s=96&d=mm&r=g","height":96,"width":96}},"publisher":{"@type":"Organization","name":"budit.cz","logo":{"@type":"ImageObject","@id":"\/logo.png","url":"\/logo.png","width":600,"height":60}},"image":{"@type":"ImageObject","@id":"https:\/\/www.budit.cz\/wp-content\/uploads\/img_a298318_w2041_t1508698548.jpg","url":"https:\/\/www.budit.cz\/wp-content\/uploads\/img_a298318_w2041_t1508698548.jpg","height":0,"width":0},"wordCount":512,"keywords":null},{"@type":"Article","@id":"https:\/\/www.budit.cz\/vezmete-si-s-sebou-lyze-i-plavky\/","headline":"Vezm\u011bte si s sebou ly\u017ee i plavky","url":"https:\/\/www.budit.cz\/vezmete-si-s-sebou-lyze-i-plavky\/","datePublished":"2025-02-26","dateModified":"2025-02-26","mainEntityOfPage":"https:\/\/www.budit.cz\/vezmete-si-s-sebou-lyze-i-plavky\/","author":{"@type":"Person","@id":"https:\/\/www.budit.cz\/author\/#Person","name":"","url":"https:\/\/www.budit.cz\/author\/","identifier":1,"image":{"@type":"ImageObject","@id":"https:\/\/secure.gravatar.com\/avatar\/b653a05acc9928bc50547a0b6ed51698115bbf59840455a4bc9d337f928ec9d6?s=96&d=mm&r=g","url":"https:\/\/secure.gravatar.com\/avatar\/b653a05acc9928bc50547a0b6ed51698115bbf59840455a4bc9d337f928ec9d6?s=96&d=mm&r=g","height":96,"width":96}},"publisher":{"@type":"Organization","name":"budit.cz","logo":{"@type":"ImageObject","@id":"\/logo.png","url":"\/logo.png","width":600,"height":60}},"image":{"@type":"ImageObject","@id":"https:\/\/www.budit.cz\/wp-content\/uploads\/img_a289617_w2191_t1501052204.jpg","url":"https:\/\/www.budit.cz\/wp-content\/uploads\/img_a289617_w2191_t1501052204.jpg","height":0,"width":0},"wordCount":519,"keywords":null},{"@type":"Article","@id":"https:\/\/www.budit.cz\/uklid-jednou-pro-vzdy\/","headline":"\u00daklid jednou pro v\u017edy","url":"https:\/\/www.budit.cz\/uklid-jednou-pro-vzdy\/","datePublished":"2025-02-25","dateModified":"2025-02-25","mainEntityOfPage":"https:\/\/www.budit.cz\/uklid-jednou-pro-vzdy\/","author":{"@type":"Person","@id":"https:\/\/www.budit.cz\/author\/#Person","name":"","url":"https:\/\/www.budit.cz\/author\/","identifier":1,"image":{"@type":"ImageObject","@id":"https:\/\/secure.gravatar.com\/avatar\/b653a05acc9928bc50547a0b6ed51698115bbf59840455a4bc9d337f928ec9d6?s=96&d=mm&r=g","url":"https:\/\/secure.gravatar.com\/avatar\/b653a05acc9928bc50547a0b6ed51698115bbf59840455a4bc9d337f928ec9d6?s=96&d=mm&r=g","height":96,"width":96}},"publisher":{"@type":"Organization","name":"budit.cz","logo":{"@type":"ImageObject","@id":"\/logo.png","url":"\/logo.png","width":600,"height":60}},"image":{"@type":"ImageObject","@id":"https:\/\/www.budit.cz\/wp-content\/uploads\/img_a293660_w2091_t1505845019.png","url":"https:\/\/www.budit.cz\/wp-content\/uploads\/img_a293660_w2091_t1505845019.png","height":0,"width":0},"wordCount":598,"keywords":null},{"@type":"Article","@id":"https:\/\/www.budit.cz\/paletove-voziky\/","headline":"Paletov\u00e9 voz\u00edky","url":"https:\/\/www.budit.cz\/paletove-voziky\/","datePublished":"2025-02-23","dateModified":"2025-02-23","mainEntityOfPage":"https:\/\/www.budit.cz\/paletove-voziky\/","author":{"@type":"Person","@id":"https:\/\/www.budit.cz\/author\/#Person","name":"","url":"https:\/\/www.budit.cz\/author\/","identifier":1,"image":{"@type":"ImageObject","@id":"https:\/\/secure.gravatar.com\/avatar\/b653a05acc9928bc50547a0b6ed51698115bbf59840455a4bc9d337f928ec9d6?s=96&d=mm&r=g","url":"https:\/\/secure.gravatar.com\/avatar\/b653a05acc9928bc50547a0b6ed51698115bbf59840455a4bc9d337f928ec9d6?s=96&d=mm&r=g","height":96,"width":96}},"publisher":{"@type":"Organization","name":"budit.cz","logo":{"@type":"ImageObject","@id":"\/logo.png","url":"\/logo.png","width":600,"height":60}},"image":null,"wordCount":240,"keywords":null},{"@type":"Article","@id":"https:\/\/www.budit.cz\/kde-zrealizovat-skoleni-zamestnancu\/","headline":"Kde zrealizovat \u0161kolen\u00ed zam\u011bstnanc\u016f","url":"https:\/\/www.budit.cz\/kde-zrealizovat-skoleni-zamestnancu\/","datePublished":"2025-02-19","dateModified":"2025-02-19","mainEntityOfPage":"https:\/\/www.budit.cz\/kde-zrealizovat-skoleni-zamestnancu\/","author":{"@type":"Person","@id":"https:\/\/www.budit.cz\/author\/#Person","name":"","url":"https:\/\/www.budit.cz\/author\/","identifier":1,"image":{"@type":"ImageObject","@id":"https:\/\/secure.gravatar.com\/avatar\/b653a05acc9928bc50547a0b6ed51698115bbf59840455a4bc9d337f928ec9d6?s=96&d=mm&r=g","url":"https:\/\/secure.gravatar.com\/avatar\/b653a05acc9928bc50547a0b6ed51698115bbf59840455a4bc9d337f928ec9d6?s=96&d=mm&r=g","height":96,"width":96}},"publisher":{"@type":"Organization","name":"budit.cz","logo":{"@type":"ImageObject","@id":"\/logo.png","url":"\/logo.png","width":600,"height":60}},"image":{"@type":"ImageObject","@id":"https:\/\/www.budit.cz\/wp-content\/uploads\/img_a307854_w2274_t1519069512.jpg","url":"https:\/\/www.budit.cz\/wp-content\/uploads\/img_a307854_w2274_t1519069512.jpg","height":0,"width":0},"wordCount":476,"keywords":null},{"@type":"Article","@id":"https:\/\/www.budit.cz\/to-nejlepsi-misto-pro-vasi-dovolenou\/","headline":"To nejlep\u0161\u00ed m\u00edsto pro Va\u0161i dovolenou","url":"https:\/\/www.budit.cz\/to-nejlepsi-misto-pro-vasi-dovolenou\/","datePublished":"2025-02-17","dateModified":"2025-02-17","mainEntityOfPage":"https:\/\/www.budit.cz\/to-nejlepsi-misto-pro-vasi-dovolenou\/","author":{"@type":"Person","@id":"https:\/\/www.budit.cz\/author\/#Person","name":"","url":"https:\/\/www.budit.cz\/author\/","identifier":1,"image":{"@type":"ImageObject","@id":"https:\/\/secure.gravatar.com\/avatar\/b653a05acc9928bc50547a0b6ed51698115bbf59840455a4bc9d337f928ec9d6?s=96&d=mm&r=g","url":"https:\/\/secure.gravatar.com\/avatar\/b653a05acc9928bc50547a0b6ed51698115bbf59840455a4bc9d337f928ec9d6?s=96&d=mm&r=g","height":96,"width":96}},"publisher":{"@type":"Organization","name":"budit.cz","logo":{"@type":"ImageObject","@id":"\/logo.png","url":"\/logo.png","width":600,"height":60}},"image":null,"wordCount":192,"keywords":null}]},{"@context":"https:\/\/schema.org","@type":"WebSite","@id":"https:\/\/www.budit.cz\/#website","name":"Budit","url":"https:\/\/www.budit.cz","potentialAction":{"@type":"SearchAction","target":"https:\/\/www.budit.cz\/?s={search_term_string}","query-input":"required name=search_term_string"}}]