[{"@context":"https:\/\/schema.org\/","@type":"Article","@id":"https:\/\/www.budit.cz\/kde-zrealizovat-skoleni-zamestnancu\/#Article","mainEntityOfPage":"https:\/\/www.budit.cz\/kde-zrealizovat-skoleni-zamestnancu\/","headline":"Kde zrealizovat \u0161kolen\u00ed zam\u011bstnanc\u016f","name":"Kde zrealizovat \u0161kolen\u00ed zam\u011bstnanc\u016f","description":"\u0160kolen\u00ed zam\u011bstnanc\u016f v ur\u010dit\u00fdch oborech p\u0159edstavuje nutnost. N\u011bkde je to d\u00e1no z\u00e1konem, n\u011bkde je to d\u00e1no rychl\u00fdm v\u00fdvojem v dan\u00e9m oboru a nutnost\u00ed p\u0159izp\u016fsobit se v co nejkrat\u0161\u00edm mo\u017en\u00e9m term\u00ednu technologick\u00fdm pokrok\u016fm. Jak vid\u00edte firemn\u00ed \u0161kolen\u00ed Vy? Up\u0159\u00edmn\u011b. Asi budete m\u00edt v mnoha p\u0159\u00edpadech ambivalentn\u00ed p\u0159\u00edstup. Pokud se jedn\u00e1 opravdu <a href=\"https:\/\/www.budit.cz\/kde-zrealizovat-skoleni-zamestnancu\/\" class=\"btn btn-link continue-link\">Continue Reading<\/a>","datePublished":"2025-02-19","dateModified":"2025-02-19","author":{"@type":"Person","@id":"https:\/\/www.budit.cz\/author\/#Person","name":"","url":"https:\/\/www.budit.cz\/author\/","identifier":1,"image":{"@type":"ImageObject","@id":"https:\/\/secure.gravatar.com\/avatar\/b653a05acc9928bc50547a0b6ed51698115bbf59840455a4bc9d337f928ec9d6?s=96&d=mm&r=g","url":"https:\/\/secure.gravatar.com\/avatar\/b653a05acc9928bc50547a0b6ed51698115bbf59840455a4bc9d337f928ec9d6?s=96&d=mm&r=g","height":96,"width":96}},"publisher":{"@type":"Organization","name":"budit.cz","logo":{"@type":"ImageObject","@id":"\/logo.png","url":"\/logo.png","width":600,"height":60}},"image":{"@type":"ImageObject","@id":"https:\/\/www.budit.cz\/wp-content\/uploads\/img_a307854_w2274_t1519069512.jpg","url":"https:\/\/www.budit.cz\/wp-content\/uploads\/img_a307854_w2274_t1519069512.jpg","height":0,"width":0},"url":"https:\/\/www.budit.cz\/kde-zrealizovat-skoleni-zamestnancu\/","wordCount":383,"articleBody":" \u0160kolen\u00ed zam\u011bstnanc\u016f v ur\u010dit\u00fdch oborech p\u0159edstavuje nutnost. N\u011bkde je to d\u00e1no z\u00e1konem, n\u011bkde je to d\u00e1no rychl\u00fdm v\u00fdvojem v dan\u00e9m oboru a nutnost\u00ed p\u0159izp\u016fsobit se v co nejkrat\u0161\u00edm mo\u017en\u00e9m term\u00ednu technologick\u00fdm pokrok\u016fm. Jak vid\u00edte firemn\u00ed \u0161kolen\u00ed Vy? Up\u0159\u00edmn\u011b. Asi budete m\u00edt v mnoha p\u0159\u00edpadech ambivalentn\u00ed p\u0159\u00edstup. Pokud se jedn\u00e1 opravdu o kvalitn\u00ed \u0161kolen\u00ed, tak ur\u010dit\u011b ocen\u00edte, \u017ee z profesn\u00edho hlediska z\u00edsk\u00e1te nov\u00e9 odborn\u00e9 v\u011bdomosti. Toho si cen\u00ed ka\u017ed\u00fd, kdo chce dr\u017eet krok, to je nepochybn\u00e9. Na druh\u00e9 stran\u011b pokud \u0161kolen\u00ed m\u00e1 b\u00fdt k n\u011b\u010demu, mus\u00ed b\u00fdt minim\u00e1ln\u011b t\u0159\u00ed denn\u00ed, t\u00fddenn\u00ed (my\u0161len\u00fd je pracovn\u00ed t\u00fdden) je optim\u00e1ln\u00ed. Co z toho pro V\u00e1s plyne? Rozhodn\u011b to, \u017ee V\u00e1m po celou dobu \u0161kolen\u00ed bude st\u00e1t pr\u00e1ce, p\u0159\u00edpadn\u011b se o ni budou muset pod\u011blit Va\u0161i kolegov\u00e9, co\u017e V\u00e1m na oblib\u011b nep\u0159id\u00e1. Pokud ne, vr\u00e1t\u00edte se po \u0161kolen\u00ed a budete zahlceni prac\u00ed na hodn\u011b dlouhou dobu. Lze spojit \u0161kolen\u00ed s p\u0159\u00edjemn\u00fdm pobytem Proto by m\u011bli lid\u00e9 zodpov\u011bdn\u00ed za pl\u00e1nov\u00e1n\u00ed \u0161kolen\u00ed d\u00e1t z\u00e1le\u017eet, aby dok\u00e1zali pro sv\u00e9 zam\u011bstnance spojit p\u0159\u00edjemn\u00e9 s u\u017eite\u010dn\u00fdm. Rozhodn\u011b je na m\u00edst\u011b z\u00e1sadn\u00ed ot\u00e1zka, kde m\u016f\u017eete uspo\u0159\u00e1dat perfektn\u00ed \u0161kolen\u00ed . Pro\u010d by se \u0161kolen\u00ed museli uskute\u010dnit ve m\u011bst\u011b? Pro\u010d nepozvat zam\u011bstnance na n\u011bjak\u00e9 malebn\u00e9 m\u00edsto, kde by bylo mo\u017en\u00e9 spojit firemn\u00ed vzd\u011bl\u00e1v\u00e1n\u00ed nap\u0159\u00edklad s wellness pobytem pln\u00fdm p\u0159\u00edjemn\u00e9 relaxace. V tomto p\u0159\u00edpad\u011b se samoz\u0159ejm\u011b nab\u00edz\u00ed mo\u017enost vyrazit do n\u011bjak\u00e9 atraktivn\u00ed lokality. Z\u00e1rove\u0148 by bylo zcela jist\u011b \u017e\u00e1douc\u00ed, kdyby se to poda\u0159ilo zrealizovat na n\u011bjak\u00e9m p\u0159ijateln\u00e9m a relativn\u011b dostupn\u00e9m m\u00edst\u011b. Co\u017e je rozhodn\u011b Vyso\u010dina. Spousta kr\u00e1sn\u00fdch m\u00edst a optim\u00e1ln\u00ed prostory nejen pro \u0161kolen\u00ed, ale tak\u00e9 konference. Z\u00e1rove\u0148 je tady spousta zaj\u00edmav\u00fdch turistick\u00fdch lokalit, co\u017e m\u016f\u017ee b\u00fdt tak\u00e9 p\u0159\u00edjemn\u00fdm zpest\u0159en\u00edm pro \u00fa\u010dastn\u00edky \u0161kolen\u00ed.                                                                                                                                                                                                                                                                                                                                                                                        5\/5 - (2 votes)        "},{"@context":"https:\/\/schema.org\/","@type":"BreadcrumbList","itemListElement":[{"@type":"ListItem","position":1,"name":"Kde zrealizovat \u0161kolen\u00ed zam\u011bstnanc\u016f","item":"https:\/\/www.budit.cz\/kde-zrealizovat-skoleni-zamestnancu\/#breadcrumbitem"}]}]