[{"@context":"https:\/\/schema.org\/","@type":"Article","@id":"https:\/\/www.budit.cz\/denni-svetlo-je-zaklad\/#Article","mainEntityOfPage":"https:\/\/www.budit.cz\/denni-svetlo-je-zaklad\/","headline":"Denn\u00ed sv\u011btlo je z\u00e1klad","name":"Denn\u00ed sv\u011btlo je z\u00e1klad","description":"Okna jsou velice d\u016fle\u017eitou sou\u010d\u00e1st\u00ed domu, proto\u017ee do n\u011bj p\u0159iv\u00e1d\u011bj\u00ed denn\u00ed sv\u011btlo, kter\u00e9 je zkr\u00e1tka z\u00e1kladem \u017eivota. Oby\u010dejn\u00e1 okna se av\u0161ak nehod\u00ed v\u0161ude, nap\u0159\u00edklad do podkrov\u00ed jsou opravdu nevhodn\u00e1. Co tedy pou\u017e\u00edt? Zkuste kvalitn\u00ed st\u0159e\u0161n\u00ed okna, kter\u00e1 jsou perfektn\u011b uzp\u016fsoben\u00e1 a kter\u00e1 v\u00e1m dok\u00e1\u017eou d\u00e1t v\u0161e, co pot\u0159ebujete. Bez st\u0159en\u00edch <a href=\"https:\/\/www.budit.cz\/denni-svetlo-je-zaklad\/\" class=\"btn btn-link continue-link\">Continue Reading<\/a>","datePublished":"2024-12-28","dateModified":"2024-12-28","author":{"@type":"Person","@id":"https:\/\/www.budit.cz\/author\/#Person","name":"","url":"https:\/\/www.budit.cz\/author\/","identifier":1,"image":{"@type":"ImageObject","@id":"https:\/\/secure.gravatar.com\/avatar\/b653a05acc9928bc50547a0b6ed51698115bbf59840455a4bc9d337f928ec9d6?s=96&d=mm&r=g","url":"https:\/\/secure.gravatar.com\/avatar\/b653a05acc9928bc50547a0b6ed51698115bbf59840455a4bc9d337f928ec9d6?s=96&d=mm&r=g","height":96,"width":96}},"publisher":{"@type":"Organization","name":"budit.cz","logo":{"@type":"ImageObject","@id":"\/logo.png","url":"\/logo.png","width":600,"height":60}},"url":"https:\/\/www.budit.cz\/denni-svetlo-je-zaklad\/","wordCount":186,"articleBody":"Okna jsou velice d\u016fle\u017eitou sou\u010d\u00e1st\u00ed domu, proto\u017ee do n\u011bj p\u0159iv\u00e1d\u011bj\u00ed denn\u00ed sv\u011btlo, kter\u00e9 je zkr\u00e1tka z\u00e1kladem \u017eivota. Oby\u010dejn\u00e1 okna se av\u0161ak nehod\u00ed v\u0161ude, nap\u0159\u00edklad do podkrov\u00ed jsou opravdu nevhodn\u00e1. Co tedy pou\u017e\u00edt? Zkuste kvalitn\u00ed st\u0159e\u0161n\u00ed okna, kter\u00e1 jsou perfektn\u011b uzp\u016fsoben\u00e1 a kter\u00e1 v\u00e1m dok\u00e1\u017eou d\u00e1t v\u0161e, co pot\u0159ebujete. Bez st\u0159en\u00edch oken se v podkrov\u00ed neobejdete, tak nev\u00e1hejte a po\u0159i\u010fte si je i vy, a to v t\u00e9 nejv\u011bt\u0161\u00ed kvalit\u011b za naprosto b\u00e1je\u010dnou cenu. Okna od profesion\u00e1l\u016f Prodejem st\u0159e\u0161n\u00edch oken se zab\u00fdv\u00e1me ji\u017e spoustu let, na\u010derpali jsme opravdu velik\u00e9 mno\u017estv\u00ed t\u011bch nejr\u016fzn\u011bj\u0161\u00edch zku\u0161enost\u00ed a dok\u00e1\u017eeme v\u00e1m prodat to, co opravdu pot\u0159ebujete. Jsme opravdov\u00ed profesion\u00e1lov\u00e9, kte\u0159\u00ed si zakl\u00e1daj\u00ed na kvalit\u011b a na spokojenosti z\u00e1kazn\u00edka. Pokud st\u0159e\u0161n\u00ed okna, tak jedin\u011b od n\u00e1s, proto\u017ee v\u00e1m dok\u00e1\u017eeme nab\u00eddnout to nejlep\u0161\u00ed.                                                                                                                                                                                                                                                                                                                                                                                        4\/5 - (3 votes)        "},{"@context":"https:\/\/schema.org\/","@type":"BreadcrumbList","itemListElement":[{"@type":"ListItem","position":1,"name":"Denn\u00ed sv\u011btlo je z\u00e1klad","item":"https:\/\/www.budit.cz\/denni-svetlo-je-zaklad\/#breadcrumbitem"}]}]