[{"@context":"https:\/\/schema.org\/","@type":"Article","@id":"https:\/\/www.budit.cz\/darujte-svemu-otci-model-legendarni-vejtrasky\/#Article","mainEntityOfPage":"https:\/\/www.budit.cz\/darujte-svemu-otci-model-legendarni-vejtrasky\/","headline":"Darujte sv\u00e9mu otci model legend\u00e1rn\u00ed \u201eVejt\u0159asky\u201c","name":"Darujte sv\u00e9mu otci model legend\u00e1rn\u00ed \u201eVejt\u0159asky\u201c","description":"Ti z v\u00e1s, kte\u0159\u00ed pro\u017eili alespo\u0148 \u010d\u00e1st \u017eivota v obdob\u00ed socialismu, si jist\u011b velmi dob\u0159e vybav\u00ed, kdy\u017e se \u0159ekne Praga V3S anebo je\u0161t\u011b l\u00e9pe \u201eVejt\u0159aska\u201c. Mo\u017en\u00e1 si p\u0159i tomto v\u00fdrazu dokonce vybav\u00edte n\u011bkter\u00e9 momenty, kter\u00e9 v\u00e1\u0161 \u017eivot s t\u00edmto vozidlem spojuj\u00ed, a s trochou nostalgie se v\u00e1m mo\u017en\u00e1 objev\u00ed slzy <a href=\"https:\/\/www.budit.cz\/darujte-svemu-otci-model-legendarni-vejtrasky\/\" class=\"btn btn-link continue-link\">Continue Reading<\/a>","datePublished":"2024-09-11","dateModified":"2024-09-11","author":{"@type":"Person","@id":"https:\/\/www.budit.cz\/author\/#Person","name":"","url":"https:\/\/www.budit.cz\/author\/","identifier":1,"image":{"@type":"ImageObject","@id":"https:\/\/secure.gravatar.com\/avatar\/b653a05acc9928bc50547a0b6ed51698115bbf59840455a4bc9d337f928ec9d6?s=96&d=mm&r=g","url":"https:\/\/secure.gravatar.com\/avatar\/b653a05acc9928bc50547a0b6ed51698115bbf59840455a4bc9d337f928ec9d6?s=96&d=mm&r=g","height":96,"width":96}},"publisher":{"@type":"Organization","name":"budit.cz","logo":{"@type":"ImageObject","@id":"\/logo.png","url":"\/logo.png","width":600,"height":60}},"image":{"@type":"ImageObject","@id":"https:\/\/www.budit.cz\/wp-content\/uploads\/freight-4590620_640.jpg","url":"https:\/\/www.budit.cz\/wp-content\/uploads\/freight-4590620_640.jpg","height":0,"width":0},"url":"https:\/\/www.budit.cz\/darujte-svemu-otci-model-legendarni-vejtrasky\/","wordCount":435,"articleBody":"   Ti z v\u00e1s, kte\u0159\u00ed pro\u017eili alespo\u0148 \u010d\u00e1st \u017eivota v obdob\u00ed socialismu, si jist\u011b velmi dob\u0159e vybav\u00ed, kdy\u017e se \u0159ekne Praga V3S anebo je\u0161t\u011b l\u00e9pe \u201eVejt\u0159aska\u201c. Mo\u017en\u00e1 si p\u0159i tomto v\u00fdrazu dokonce vybav\u00edte n\u011bkter\u00e9 momenty, kter\u00e9 v\u00e1\u0161 \u017eivot s t\u00edmto vozidlem spojuj\u00ed, a s trochou nostalgie se v\u00e1m mo\u017en\u00e1 objev\u00ed slzy v o\u010d\u00edch ze samotn\u00e9ho dojet\u00ed, i kdy\u017e v t\u00e9 dob\u011b se v\u00e1m vh\u00e1n\u011bly slzy do o\u010d\u00ed z jin\u00e9ho d\u016fvodu, nap\u0159\u00edklad ve chv\u00edli, kdy jste s Vejt\u0159askou uv\u00edzli v bahnit\u00e9m ter\u00e9nu vojensk\u00e9ho v\u00fdcvikov\u00e9ho prostoru, a se samopalem na z\u00e1dech jste museli v\u016fz pracn\u011b vypro\u0161\u0165ovat, abyste splnili bojov\u00fd \u00fakol a z\u00edskali za odm\u011bnu opu\u0161\u0165\u00e1k.Ano, i takov\u00e9 vzpom\u00ednky maj\u00ed n\u011bkte\u0159\u00ed z v\u00e1s v sob\u011b ukryt\u00e9 a na z\u00e1klad\u011b vlastn\u00edch zku\u0161enost\u00ed pak mohou ostatn\u00edm referovat, jak\u00e9 to bylo, kdy\u017e byli mlad\u00ed, a kdy\u017e se ve vojensk\u00e9 uniform\u011b br\u00e1nila vlast, \u010ceskoslovensk\u00e1 socialistick\u00e1 republika p\u0159ed nebezpe\u010dn\u00fdmi imperialisty ze z\u00e1padn\u00ed Evropy a USA. Mo\u017en\u00e1 v\u00e1m to dnes p\u0159ipad\u00e1 naprosto sm\u011b\u0161n\u00e9, ale lid\u00e9 tehdy skute\u010dn\u011b t\u00edmto \u017eili, a vozy Praga V3S byly sou\u010d\u00e1st\u00ed nejen vojensk\u00e9ho, ale i civiln\u00edho \u017eivota. Kup\u0159\u00edkladu se jimi sv\u00e1\u017eelo d\u0159evo, uhl\u00ed a koks, n\u011bkter\u00e9 zaplachtovan\u00e9 vozy slou\u017eily jako st\u011bhovac\u00ed, n\u011bkter\u00e9 Vejt\u0159asky p\u0159ev\u00e1\u017eely cihly, cement a p\u00edsek na stavb\u00e1ch a n\u011bkter\u00e9 byly upraven\u00e9 jako autoje\u0159\u00e1by.A dnes m\u00e1me mo\u017enost d\u00edky model\u016fm aut po\u0159\u00eddit Vejt\u0159asku sami sob\u011b nebo sv\u00fdm bl\u00edzk\u00fdm jako d\u00e1rek pod v\u00e1no\u010dn\u00ed stromek \u010di k narozenin\u00e1m a m\u00edt radost ze \u0161pi\u010dkov\u011b propracovan\u00e9ho v\u00fdrobku v m\u011b\u0159\u00edtku 1:43. Velice zda\u0159il\u00fd je nap\u0159\u00edklad typ AD 080, upraven\u00fd jako autoje\u0159\u00e1b v modr\u00e9 barv\u011b vozidla se \u017elutou je\u0159\u00e1bovou n\u00e1stavbou. S t\u011bmito vozy se velice \u010dasto po\u010d\u00edtalo na stavb\u00e1ch a mo\u017en\u00e1, \u017ee pr\u00e1v\u011b n\u011bkter\u00e9 z nich vypom\u00e1haly p\u0159i v\u00fdstavb\u011b panelov\u00e9ho domu, v n\u011bm\u017e nyn\u00ed bydl\u00edte.V\u016fz Praga V3S je legendou, kter\u00e1 z\u016fstane nav\u017edy v mysl\u00edch t\u011bch, co se s t\u011bmito elegantn\u00edmi n\u00e1kladn\u00edmi automobily potkali (nejen) jako \u0159idi\u010di \u010di z\u00e1vozn\u00edci, co\u017e v\u00e1m p\u0159ipomene i film \u201eVesni\u010dko m\u00e1 st\u0159ediskov\u00e1\u201c z roku 1985.                                                                                                                                                                                                                                                                                                                                                                                          3.9\/5 - (7 votes)        "},{"@context":"https:\/\/schema.org\/","@type":"BreadcrumbList","itemListElement":[{"@type":"ListItem","position":1,"name":"Darujte sv\u00e9mu otci model legend\u00e1rn\u00ed \u201eVejt\u0159asky\u201c","item":"https:\/\/www.budit.cz\/darujte-svemu-otci-model-legendarni-vejtrasky\/#breadcrumbitem"}]}]